{"id":1091,"date":"2022-12-15T11:17:57","date_gmt":"2022-12-15T10:17:57","guid":{"rendered":"https:\/\/www.fingo.cz\/blog\/?p=1091"},"modified":"2022-12-15T11:24:18","modified_gmt":"2022-12-15T10:24:18","slug":"jak-na-pojisteni-pro-pripad-umrti-nebo-vazne-nemoci","status":"publish","type":"post","link":"https:\/\/www.fingo.cz\/blog\/jak-na-pojisteni-pro-pripad-umrti-nebo-vazne-nemoci\/","title":{"rendered":"Jak na poji\u0161t\u011bn\u00ed pro p\u0159\u00edpad \u00famrt\u00ed nebo v\u00e1\u017en\u00e9 nemoci"},"content":{"rendered":"\n<p>I kdy\u017e se v\u00e1m m\u016f\u017ee zd\u00e1t, \u017ee je \u017eivotn\u00ed poji\u0161t\u011bn\u00ed pro p\u0159\u00edpad \u00famrt\u00ed a dal\u0161\u00edch rizik v dne\u0161n\u00ed dob\u011b zbyte\u010dn\u00e9, rozhodn\u011b to tak nen\u00ed. Naopak by ho m\u011bl m\u00edt ka\u017ed\u00fd. V \u017eivot\u011b se toti\u017e m\u016f\u017ee kdykoli n\u011bco p\u0159ihodit. Pocit jistoty u p\u0159\u00edjm\u016f a majetku je k nezaplacen\u00ed a pro klidn\u00e9 span\u00ed je naprosto z\u00e1sadn\u00ed.<\/p>\n\n\n\n<div class=\"wp-block-ht-block-toc  is-style-outline htoc htoc--position-wide toc-list-style-plain\" data-htoc-state=\"expanded\"><span class=\"htoc__title\"><span class=\"ht_toc_title\">Co se v \u010dl\u00e1nku do\u010dtete<\/span><span class=\"htoc__toggle\"><svg xmlns=\"http:\/\/www.w3.org\/2000\/svg\" width=\"16\" height=\"16\"><g fill=\"#444\"><path d=\"M15 7H1c-.6 0-1 .4-1 1s.4 1 1 1h14c.6 0 1-.4 1-1s-.4-1-1-1z\"><\/path><path d=\"M15 1H1c-.6 0-1 .4-1 1s.4 1 1 1h14c.6 0 1-.4 1-1s-.4-1-1-1zM15 13H1c-.6 0-1 .4-1 1s.4 1 1 1h14c.6 0 1-.4 1-1s-.4-1-1-1z\"><\/path><\/g><\/svg><\/span><\/span><div class=\"htoc__itemswrap\"><ul class=\"ht_toc_list\"><li class=\"\"><a href=\"#htoc-poji-t-n-pro-p-pad-mrt\">Poji\u0161t\u011bn\u00ed pro p\u0159\u00edpad \u00famrt\u00ed<\/a><ul class=\"ht_toc_child_list\"><li class=\"\"><a href=\"#htoc-jakou-pojistnou-stku-si-sjednat\">Jakou pojistnou \u010d\u00e1stku si sjednat<\/a><\/li><\/ul><\/li><li class=\"\"><a href=\"#htoc-poji-t-n-pro-p-pad-v-n-nemoci\">Poji\u0161t\u011bn\u00ed pro p\u0159\u00edpad v\u00e1\u017en\u00e9 nemoci<\/a><ul class=\"ht_toc_child_list\"><li class=\"\"><a href=\"#htoc-irok-mo-nosti-p-ipoji-t-n\">\u0160irok\u00e9 mo\u017enosti p\u0159ipoji\u0161t\u011bn\u00ed&nbsp;<\/a><\/li><li class=\"\"><a href=\"#htoc-pozor-na-dal-parametry-poji-t-n\">Pozor na dal\u0161\u00ed parametry poji\u0161t\u011bn\u00ed<\/a><\/li><\/ul><\/li><\/ul><\/div><\/div>\n\n\n\n<p>Kdy\u017e dojde k ne\u0161\u0165astn\u00e9 ud\u00e1losti, snadno v\u00e1m a va\u0161\u00ed rodin\u011b klesne p\u0159\u00edjem \u2013 a\u0165 u\u017e do\u010dasn\u011b, nebo trvale. V hor\u0161\u00edm p\u0159\u00edpad\u011b pak p\u0159\u00edjem vypadne \u00fapln\u011b a rodina m\u016f\u017ee m\u00edt probl\u00e9m ho nahradit.<\/p>\n\n\n\n<p>Co si ale vlastn\u011b pojistit? M\u011bli byste m\u00edt hlavn\u011b <a href=\"https:\/\/www.fingo.cz\/blog\/investicni-nebo-rizikove-zivotni-pojisteni\/\">\u017eivotn\u00ed poji\u0161t\u011bn\u00ed<\/a> pro p\u0159\u00edpad \u00famrt\u00ed z jak\u00fdchkoliv p\u0159\u00ed\u010din. K tomu je dobr\u00e9 si pojistit tzv. velk\u00e1 rizika, kter\u00e1 na v\u00e1s a va\u0161i rodinu m\u016f\u017eou m\u00edt z\u00e1sadn\u00ed dopad. Po\u010d\u00edt\u00e1me mezi n\u011b poji\u0161t\u011bn\u00ed invalidity, z\u00e1va\u017en\u00fdch onemocn\u011bn\u00ed, trval\u00fdch n\u00e1sledk\u016f \u00farazu nebo <a href=\"https:\/\/www.fingo.cz\/blog\/vyznejte-se-v-pojisteni-pracovni-neschopnosti\/\">pracovn\u00ed neschopnosti<\/a>.<\/p>\n\n\n\n<p>Dnes se spole\u010dn\u011b pod\u00edv\u00e1me na <strong>poji\u0161t\u011bn\u00ed pro p\u0159\u00edpad \u00famrt\u00ed <\/strong>a <strong>poji\u0161t\u011bn\u00ed pro p\u0159\u00edpad v\u00e1\u017en\u00e9 nemoci<\/strong>.<\/p>\n\n\n\n<h2 class=\"wp-block-heading\" id=\"htoc-poji-t-n-pro-p-pad-mrt\"><strong>Poji\u0161t\u011bn\u00ed pro p\u0159\u00edpad \u00famrt\u00ed<\/strong><\/h2>\n\n\n\n<p>Riziko smrti si m\u016f\u017eete sjednat bu\u010f <strong>z jak\u00e9koliv p\u0159\u00ed\u010diny, nebo pouze \u00farazem<\/strong>. Druh\u00e1 varianta je sice mnohem levn\u011bj\u0161\u00ed, ale my doporu\u010dujeme pojistit si i nemoc \u2013 na ni toti\u017e um\u00edr\u00e1 podstatn\u011b v\u00edce lid\u00ed.<\/p>\n\n\n\n<p>U n\u011bkter\u00fdch poji\u0161\u0165oven se setk\u00e1te i s pojmem \u201etermin\u00e1ln\u00ed st\u00e1dium\u201c. V tomto p\u0159\u00edpad\u011b by v\u00e1m poji\u0161\u0165ovna vyplatila ur\u010dit\u00e9 procento pen\u011bz dop\u0159edu. U t\u00e9to diagn\u00f3zy je toti\u017e vysok\u00e1 pravd\u011bpodobnost, \u017ee dojde k \u00famrt\u00ed do 12 m\u011bs\u00edc\u016f od data stanoven\u00e9 diagn\u00f3zy.<\/p>\n\n\n\n<p>P\u0159i poji\u0161t\u011bn\u00ed ale <strong>z\u00e1le\u017e\u00ed tak\u00e9 na va\u0161em povol\u00e1n\u00ed<\/strong>. Pokud jezd\u00edte \u010dasto na silnic\u00edch, zva\u017ete p\u0159ipoji\u0161t\u011bn\u00ed \u00famrt\u00ed z d\u016fvodu autonehody. N\u011bkter\u00e9 poji\u0161\u0165ovny tuto mo\u017enost dokonce nab\u00edzej\u00ed automaticky bez nutnosti p\u0159ipoji\u0161t\u011bn\u00ed.<\/p>\n\n\n\n<h3 class=\"wp-block-heading\" id=\"htoc-jakou-pojistnou-stku-si-sjednat\"><strong>Jakou pojistnou \u010d\u00e1stku si sjednat<\/strong><\/h3>\n\n\n\n<ul class=\"wp-block-list\">\n<li>To velmi z\u00e1le\u017e\u00ed na va\u0161\u00ed konkr\u00e9tn\u00ed situaci. Kdy\u017e jste sami a nem\u00e1te \u017e\u00e1dn\u00e9 z\u00e1vazky, sjedn\u00e1te si pravd\u011bpodobn\u011b mnohem ni\u017e\u0161\u00ed \u010d\u00e1stku, ne\u017e kdy\u017e \u017eiv\u00edte rodinu a nav\u00edc spl\u00e1c\u00edte hypot\u00e9ku.<\/li>\n\n\n\n<li>Pojistnou \u010d\u00e1stku pro rodinu si sjednejte ve v\u00fd\u0161\u00ed <strong>3\u20135n\u00e1sobku ro\u010dn\u00edho p\u0159\u00edjmu<\/strong>. Pokud tedy m\u00e1te m\u011bs\u00ed\u010dn\u00ed p\u0159\u00edjem 30 000 K\u010d, volte \u010d\u00e1stku 1\u20131,5 milionu K\u010d.<\/li>\n\n\n\n<li>K hypot\u00e9ce je dobr\u00e9 p\u0159ipojistit <strong>variantu s klesaj\u00edc\u00ed pojistnou \u010d\u00e1stkou<\/strong>. Ta bude postupn\u011b klesat podle toho, jak se bude sni\u017eovat jistina \u00fav\u011bru.<\/li>\n<\/ul>\n\n\n\n<p class=\"has-luminous-vivid-orange-color has-text-color\">Ne\u017e si sjedn\u00e1te \u017eivotn\u00ed poji\u0161t\u011bn\u00ed, porovnejte si nab\u00eddku v na\u0161\u00ed <a href=\"https:\/\/www.fingo.cz\/zivotni-pojisteni\">speci\u00e1ln\u00ed kalkula\u010dce<\/a>.<\/p>\n\n\n\n<iframe src=\"https:\/\/www.fingo.cz\/banner\/zp\/version1\" frameborder=\"0\" allowfullscreen=\"\" style=\"box-shadow: 0 0 10px gray; margin: 10px; max-width:100%\" width=\"740\" height=\"650\" scrolling=\"1\" name=\"banner1\" id=\"banner1\"><\/iframe>\n\n\n\n<h2 class=\"wp-block-heading\" id=\"htoc-poji-t-n-pro-p-pad-v-n-nemoci\"><strong>Poji\u0161t\u011bn\u00ed pro p\u0159\u00edpad v\u00e1\u017en\u00e9 nemoci<\/strong><\/h2>\n\n\n\n<p>P\u0159ipoji\u0161t\u011bn\u00ed v\u00e1\u017en\u00fdch nemoc\u00ed najdete u poji\u0161\u0165oven v r\u016fzn\u00fdch variant\u00e1ch:<\/p>\n\n\n\n<ol class=\"wp-block-list\">\n<li>Prvn\u00ed mo\u017enost\u00ed je sjednat&nbsp;si <strong>z\u00e1kladn\u00ed bal\u00ed\u010dek 3\u20134 nejb\u011b\u017en\u011bj\u0161\u00edch nemoc\u00ed<\/strong>, mezi kter\u00e9 pat\u0159\u00ed zhoubn\u00fd n\u00e1dor, c\u00e9vn\u00ed mozkov\u00e1 p\u0159\u00edhoda a infarkt myokardu. N\u011bkter\u00e9 poji\u0161\u0165ovny k tomu nab\u00edz\u00ed i poji\u0161t\u011bn\u00ed tot\u00e1ln\u00edho selh\u00e1n\u00ed ledvin nebo roztrou\u0161en\u00e9 skler\u00f3zy.<\/li>\n\n\n\n<li>Dal\u0161\u00ed variantou je sjednat si <strong>komplexn\u00ed rozsah poji\u0161t\u011bn\u00ed<\/strong>. V tomto p\u0159\u00edpad\u011b se ale poji\u0161\u0165ovny li\u0161\u00ed jak mno\u017estv\u00edm diagn\u00f3z v pojistn\u00fdch podm\u00ednk\u00e1ch, tak zp\u016fsobem pln\u011bn\u00ed. N\u011bkde pln\u00ed u v\u0161ech diagn\u00f3z 100 %, jinde jen ur\u010dit\u00e9 procento \u2013 riziko rozd\u011bluji na m\u00edrn\u00fd, st\u0159edn\u00ed a extr\u00e9mn\u00ed rozsah.<\/li>\n<\/ol>\n\n\n\n<p>P\u0159i v\u00fdplat\u011b pojistn\u00e9 \u010d\u00e1stky nemus\u00ed riziko v\u017edy kon\u010dit. N\u011bkter\u00e9 poji\u0161\u0165ovny v\u00e1\u017en\u00e9 nemoci rozd\u011bluj\u00ed do n\u011bkolika skupin, a pokud vyplat\u00ed pen\u00edze z jedn\u00e9 skupiny, tak ostatn\u00ed skupiny pokra\u010duj\u00ed d\u00e1l. Pat\u0159\u00ed sem nap\u0159\u00edklad skupina kardiovaskul\u00e1rn\u00edch onemocn\u011bn\u00ed, selh\u00e1n\u00ed d\u016fle\u017eit\u00fdch org\u00e1n\u016f, nervov\u00e9ho syst\u00e9mu nebo skupina n\u00e1dor\u016f.<\/p>\n\n\n\n<h3 class=\"wp-block-heading\" id=\"htoc-irok-mo-nosti-p-ipoji-t-n\"><strong>\u0160irok\u00e9 mo\u017enosti p\u0159ipoji\u0161t\u011bn\u00ed&nbsp;<\/strong><\/h3>\n\n\n\n<p>Poji\u0161\u0165ovny \u010dasto nab\u00edzej\u00ed p\u0159ipoji\u0161t\u011bn\u00ed na onkologick\u00e1 onemocn\u011bn\u00ed mu\u017esk\u00fdch nebo \u017eensk\u00fdch org\u00e1n\u016f, nab\u00edzej\u00ed speci\u00e1ln\u00ed p\u0159ipoji\u0161t\u011bn\u00ed cukrovky, pln\u00ed za vrozen\u00e9 vady u d\u011bt\u00ed nebo poskytnou finan\u010dn\u00ed pomoc i p\u0159i \u00famrt\u00ed rodi\u010dky p\u0159i porodu.<\/p>\n\n\n\n<p>Setk\u00e1te se ale i s t\u00edm, \u017ee v\u00e1s poji\u0161\u0165ovny od\u0161kodn\u00ed za z\u00e1va\u017en\u00e9 n\u00e1sledky po o\u010dkov\u00e1n\u00ed nebo \u017een\u00e1m zaplat\u00ed n\u00e1klady na asistovanou reprodukci v p\u0159\u00edpad\u011b, \u017ee ji u\u017e nehrad\u00ed st\u00e1t.<\/p>\n\n\n\n<p>N\u011bkter\u00e9 poji\u0161\u0165ovny nemaj\u00ed v pojistn\u00fdch podm\u00ednk\u00e1ch vyjmenovan\u00e9 konkr\u00e9tn\u00ed diagn\u00f3zy, za kter\u00e9 klienty od\u0161kodn\u00ed. M\u00edsto toho souhrnn\u011b <strong>pln\u00ed za z\u00e1va\u017en\u00e9 zdravotn\u00ed n\u00e1sledky<\/strong> \u2013 a\u0165 u\u017e byla jejich p\u0159\u00ed\u010dina jak\u00e1koli. M\u016f\u017ee se jednat t\u0159eba o ztr\u00e1tu sluchu a zraku, ochrnut\u00ed nebo amputaci kon\u010detin. Pat\u0159\u00ed sem ale i ztr\u00e1ta mobility, n\u00e1sledky selh\u00e1n\u00ed org\u00e1n\u016f nebo rizikov\u00e9 operace, jako jsou transplantace \u017eivotn\u011b d\u016fle\u017eit\u00fdch org\u00e1n\u016f.<\/p>\n\n\n\n<h3 class=\"wp-block-heading\" id=\"htoc-pozor-na-dal-parametry-poji-t-n\"><strong>Pozor na dal\u0161\u00ed parametry poji\u0161t\u011bn\u00ed<\/strong><\/h3>\n\n\n\n<p>P\u0159i sjedn\u00e1v\u00e1n\u00ed poji\u0161t\u011bn\u00ed si d\u016fkladn\u011b p\u0159e\u010dt\u011bte i dal\u0161\u00ed podm\u00ednky ve smlouv\u011b, jak\u00fdmi jsou \u010dekac\u00ed doba, doba p\u0159e\u017eit\u00ed a rodinn\u00e1 anamn\u00e9za.<\/p>\n\n\n\n<ul class=\"wp-block-list\">\n<li><strong>\u010cekac\u00ed doba<\/strong> se po\u010d\u00edt\u00e1 od doby uzav\u0159en\u00ed smlouvy do stanoven\u00ed diagn\u00f3zy. V z\u00e1vislosti na poji\u0161\u0165ovn\u011b se pohybuje v rozmez\u00ed 2\u20133 m\u011bs\u00edc\u016f.<\/li>\n\n\n\n<li><strong>Doba p\u0159e\u017eit\u00ed<\/strong> je obdob\u00ed, po kter\u00e9 mus\u00ed poji\u0161t\u011bn\u00fd z\u016fstat na\u017eivu. Ur\u010duje se ode dne stanoven\u00ed diagn\u00f3zy nebo proveden\u00ed operace. Pohybuje se od 15 do 30 dn\u016f. N\u011bkter\u00e9 poji\u0161\u0165ovny u\u017e tuto podm\u00ednku ale odstranily.<\/li>\n\n\n\n<li><strong>Rodinnou anamn\u00e9zu<\/strong> poji\u0161\u0165ovny sleduj\u00ed hlavn\u011b u rakoviny, infarktu nebo c\u00e9vn\u00ed mozkov\u00e9 p\u0159\u00edhody. \u010clov\u011bk s takovou anamn\u00e9zou si poji\u0161t\u011bn\u00ed m\u016f\u017ee uzav\u0159\u00edt, ale \u010dasto se mu zdra\u017e\u00ed pojistn\u00e9.<\/li>\n<\/ul>\n\n\n\n<p>Ne\u017e uzav\u0159ete nov\u00e9 \u017eivotn\u00ed poji\u0161t\u011bn\u00ed nebo to p\u016fvodn\u00ed aktualizujete, <a href=\"https:\/\/www.fingo.cz\/kontakty\">pora\u010fte se s odborn\u00edkem<\/a>. Smlouvu s v\u00e1mi projde a nastav\u00ed ji tak, aby v\u00e1s co nejl\u00e9pe chr\u00e1nila.<\/p>\n\n\n\n<p class=\"has-luminous-vivid-orange-color has-text-color\">Krom\u011b toho se pod\u00edvejte tak\u00e9 na n\u00e1\u0161 \u010dl\u00e1nek, kde jsme pro v\u00e1s p\u0159ehledn\u011b sepsali v\u0161echny z\u00e1kladn\u00ed <a href=\"https:\/\/www.fingo.cz\/blog\/co-je-zivotni-pojisteni\/\">informace o \u017eivotn\u00edm poji\u0161t\u011bn\u00ed<\/a>.<\/p>\n","protected":false},"excerpt":{"rendered":"<p>I kdy\u017e se v\u00e1m m\u016f\u017ee zd\u00e1t, \u017ee je \u017eivotn\u00ed poji\u0161t\u011bn\u00ed pro p\u0159\u00edpad \u00famrt\u00ed a dal\u0161\u00edch rizik v dne\u0161n\u00ed dob\u011b zbyte\u010dn\u00e9, rozhodn\u011b to tak nen\u00ed. Naopak by ho m\u011bl m\u00edt ka\u017ed\u00fd. V \u017eivot\u011b se toti\u017e m\u016f\u017ee kdykoli n\u011bco p\u0159ihodit. Pocit jistoty u p\u0159\u00edjm\u016f a majetku je k nezaplacen\u00ed a pro klidn\u00e9 span\u00ed je naprosto z\u00e1sadn\u00ed. Kdy\u017e dojde k ne\u0161\u0165astn\u00e9 ud\u00e1losti, snadno v\u00e1m a va\u0161\u00ed rodin\u011b klesne p\u0159\u00edjem \u2013 a\u0165 u\u017e do\u010dasn\u011b, nebo trvale. V hor\u0161\u00edm p\u0159\u00edpad\u011b pak p\u0159\u00edjem vypadne \u00fapln\u011b a rodina m\u016f\u017ee m\u00edt probl\u00e9m ho nahradit. Co si ale vlastn\u011b pojistit? M\u011bli byste m\u00edt hlavn\u011b \u017eivotn\u00ed poji\u0161t\u011bn\u00ed pro p\u0159\u00edpad \u00famrt\u00ed z jak\u00fdchkoliv p\u0159\u00ed\u010din. K tomu je dobr\u00e9 si pojistit tzv. velk\u00e1 rizika, kter\u00e1 na v\u00e1s a va\u0161i rodinu m\u016f\u017eou m\u00edt z\u00e1sadn\u00ed dopad. Po\u010d\u00edt\u00e1me mezi n\u011b poji\u0161t\u011bn\u00ed invalidity, z\u00e1va\u017en\u00fdch onemocn\u011bn\u00ed, trval\u00fdch n\u00e1sledk\u016f \u00farazu nebo pracovn\u00ed neschopnosti. Dnes se spole\u010dn\u011b pod\u00edv\u00e1me na poji\u0161t\u011bn\u00ed pro p\u0159\u00edpad \u00famrt\u00ed a poji\u0161t\u011bn\u00ed pro p\u0159\u00edpad v\u00e1\u017en\u00e9 nemoci. Poji\u0161t\u011bn\u00ed pro p\u0159\u00edpad \u00famrt\u00ed Riziko smrti si m\u016f\u017eete sjednat bu\u010f z jak\u00e9koliv p\u0159\u00ed\u010diny, nebo pouze \u00farazem. Druh\u00e1 varianta je sice mnohem levn\u011bj\u0161\u00ed, ale my doporu\u010dujeme pojistit si i nemoc \u2013 na ni toti\u017e um\u00edr\u00e1 podstatn\u011b v\u00edce lid\u00ed. U n\u011bkter\u00fdch poji\u0161\u0165oven se setk\u00e1te i s pojmem \u201etermin\u00e1ln\u00ed st\u00e1dium\u201c. V tomto p\u0159\u00edpad\u011b [&hellip;]<\/p>\n","protected":false},"author":7,"featured_media":1094,"comment_status":"closed","ping_status":"closed","sticky":false,"template":"","format":"standard","meta":{"footnotes":""},"categories":[5],"tags":[28,18,27],"class_list":["post-1091","post","type-post","status-publish","format-standard","has-post-thumbnail","hentry","category-zivotni-pojisteni","tag-petr-motacek","tag-pojisteni","tag-zivotni-pojisteni"],"yoast_head":"<!-- This site is optimized with the Yoast SEO Premium plugin v20.11 (Yoast SEO v27.5) - https:\/\/yoast.com\/product\/yoast-seo-premium-wordpress\/ -->\n<title>Poji\u0161t\u011bn\u00ed pro p\u0159\u00edpad \u00famrt\u00ed nebo v\u00e1\u017en\u00e9 nemoci - Blog FinGO.cz<\/title>\n<meta name=\"description\" content=\"M\u00e1te \u017eivotn\u00ed poji\u0161t\u011bn\u00ed pro p\u0159\u00edpad \u00famrt\u00ed nebo v\u00e1\u017en\u00e9 nemoci? P\u0159e\u010dt\u011bte si, pro\u010d byste o n\u011bm m\u011bli p\u0159em\u00fd\u0161let a jak ho co nejl\u00e9pe uzav\u0159\u00edt.\" \/>\n<meta name=\"robots\" content=\"index, follow, max-snippet:-1, max-image-preview:large, max-video-preview:-1\" \/>\n<link rel=\"canonical\" href=\"https:\/\/www.fingo.cz\/blog\/jak-na-pojisteni-pro-pripad-umrti-nebo-vazne-nemoci\/\" \/>\n<meta property=\"og:locale\" content=\"cs_CZ\" \/>\n<meta property=\"og:type\" content=\"article\" \/>\n<meta property=\"og:title\" content=\"Jak na poji\u0161t\u011bn\u00ed pro p\u0159\u00edpad \u00famrt\u00ed nebo v\u00e1\u017en\u00e9 nemoci\" \/>\n<meta property=\"og:description\" content=\"M\u00e1te \u017eivotn\u00ed poji\u0161t\u011bn\u00ed pro p\u0159\u00edpad \u00famrt\u00ed nebo v\u00e1\u017en\u00e9 nemoci? P\u0159e\u010dt\u011bte si, pro\u010d byste o n\u011bm m\u011bli p\u0159em\u00fd\u0161let a jak ho co nejl\u00e9pe uzav\u0159\u00edt.\" \/>\n<meta property=\"og:url\" content=\"https:\/\/www.fingo.cz\/blog\/jak-na-pojisteni-pro-pripad-umrti-nebo-vazne-nemoci\/\" \/>\n<meta property=\"og:site_name\" content=\"Blog FinGO.cz\" \/>\n<meta property=\"article:publisher\" content=\"https:\/\/www.facebook.com\/fingo.cz\/\" \/>\n<meta property=\"article:published_time\" content=\"2022-12-15T10:17:57+00:00\" \/>\n<meta property=\"article:modified_time\" content=\"2022-12-15T10:24:18+00:00\" \/>\n<meta property=\"og:image\" content=\"https:\/\/www.fingo.cz\/blog\/wp-content\/uploads\/2022\/12\/z\u030civotni\u0301-pojis\u030cte\u030cni\u0301-pro-pr\u030ci\u0301pad-u\u0301mrti\u0301.jpg\" \/>\n\t<meta property=\"og:image:width\" content=\"1000\" \/>\n\t<meta property=\"og:image:height\" content=\"665\" \/>\n\t<meta property=\"og:image:type\" content=\"image\/jpeg\" \/>\n<meta name=\"author\" content=\"Petr Mot\u00e1\u010dek\" \/>\n<meta name=\"twitter:card\" content=\"summary_large_image\" \/>\n<meta name=\"twitter:creator\" content=\"@fingocz\" \/>\n<meta name=\"twitter:site\" content=\"@fingocz\" \/>\n<meta name=\"twitter:label1\" content=\"Napsal(a)\" \/>\n\t<meta name=\"twitter:data1\" content=\"Petr Mot\u00e1\u010dek\" \/>\n\t<meta name=\"twitter:label2\" content=\"Odhadovan\u00e1 doba \u010dten\u00ed\" \/>\n\t<meta name=\"twitter:data2\" content=\"5 minut\" \/>\n<script type=\"application\/ld+json\" class=\"yoast-schema-graph\">{\"@context\":\"https:\\\/\\\/schema.org\",\"@graph\":[{\"@type\":\"Article\",\"@id\":\"https:\\\/\\\/www.fingo.cz\\\/blog\\\/jak-na-pojisteni-pro-pripad-umrti-nebo-vazne-nemoci\\\/#article\",\"isPartOf\":{\"@id\":\"https:\\\/\\\/www.fingo.cz\\\/blog\\\/jak-na-pojisteni-pro-pripad-umrti-nebo-vazne-nemoci\\\/\"},\"author\":{\"name\":\"Petr Mot\u00e1\u010dek\",\"@id\":\"https:\\\/\\\/www.fingo.cz\\\/blog\\\/#\\\/schema\\\/person\\\/035cef351139d345354ad2b6e41a039a\"},\"headline\":\"Jak na poji\u0161t\u011bn\u00ed pro p\u0159\u00edpad \u00famrt\u00ed nebo v\u00e1\u017en\u00e9 nemoci\",\"datePublished\":\"2022-12-15T10:17:57+00:00\",\"dateModified\":\"2022-12-15T10:24:18+00:00\",\"mainEntityOfPage\":{\"@id\":\"https:\\\/\\\/www.fingo.cz\\\/blog\\\/jak-na-pojisteni-pro-pripad-umrti-nebo-vazne-nemoci\\\/\"},\"wordCount\":1138,\"publisher\":{\"@id\":\"https:\\\/\\\/www.fingo.cz\\\/blog\\\/#organization\"},\"image\":{\"@id\":\"https:\\\/\\\/www.fingo.cz\\\/blog\\\/jak-na-pojisteni-pro-pripad-umrti-nebo-vazne-nemoci\\\/#primaryimage\"},\"thumbnailUrl\":\"https:\\\/\\\/www.fingo.cz\\\/blog\\\/wp-content\\\/uploads\\\/2022\\\/12\\\/z\u030civotni\u0301-pojis\u030cte\u030cni\u0301-pro-pr\u030ci\u0301pad-u\u0301mrti\u0301.jpg\",\"keywords\":[\"Petr Mot\u00e1\u010dek\",\"poji\u0161t\u011bn\u00ed\",\"\u017eivotn\u00ed poji\u0161t\u011bn\u00ed\"],\"articleSection\":[\"\u017divotn\u00ed poji\u0161t\u011bn\u00ed\"],\"inLanguage\":\"cs\"},{\"@type\":\"WebPage\",\"@id\":\"https:\\\/\\\/www.fingo.cz\\\/blog\\\/jak-na-pojisteni-pro-pripad-umrti-nebo-vazne-nemoci\\\/\",\"url\":\"https:\\\/\\\/www.fingo.cz\\\/blog\\\/jak-na-pojisteni-pro-pripad-umrti-nebo-vazne-nemoci\\\/\",\"name\":\"Poji\u0161t\u011bn\u00ed pro p\u0159\u00edpad \u00famrt\u00ed nebo v\u00e1\u017en\u00e9 nemoci - Blog FinGO.cz\",\"isPartOf\":{\"@id\":\"https:\\\/\\\/www.fingo.cz\\\/blog\\\/#website\"},\"primaryImageOfPage\":{\"@id\":\"https:\\\/\\\/www.fingo.cz\\\/blog\\\/jak-na-pojisteni-pro-pripad-umrti-nebo-vazne-nemoci\\\/#primaryimage\"},\"image\":{\"@id\":\"https:\\\/\\\/www.fingo.cz\\\/blog\\\/jak-na-pojisteni-pro-pripad-umrti-nebo-vazne-nemoci\\\/#primaryimage\"},\"thumbnailUrl\":\"https:\\\/\\\/www.fingo.cz\\\/blog\\\/wp-content\\\/uploads\\\/2022\\\/12\\\/z\u030civotni\u0301-pojis\u030cte\u030cni\u0301-pro-pr\u030ci\u0301pad-u\u0301mrti\u0301.jpg\",\"datePublished\":\"2022-12-15T10:17:57+00:00\",\"dateModified\":\"2022-12-15T10:24:18+00:00\",\"description\":\"M\u00e1te \u017eivotn\u00ed poji\u0161t\u011bn\u00ed pro p\u0159\u00edpad \u00famrt\u00ed nebo v\u00e1\u017en\u00e9 nemoci? P\u0159e\u010dt\u011bte si, pro\u010d byste o n\u011bm m\u011bli p\u0159em\u00fd\u0161let a jak ho co nejl\u00e9pe uzav\u0159\u00edt.\",\"breadcrumb\":{\"@id\":\"https:\\\/\\\/www.fingo.cz\\\/blog\\\/jak-na-pojisteni-pro-pripad-umrti-nebo-vazne-nemoci\\\/#breadcrumb\"},\"inLanguage\":\"cs\",\"potentialAction\":[{\"@type\":\"ReadAction\",\"target\":[\"https:\\\/\\\/www.fingo.cz\\\/blog\\\/jak-na-pojisteni-pro-pripad-umrti-nebo-vazne-nemoci\\\/\"]}]},{\"@type\":\"ImageObject\",\"inLanguage\":\"cs\",\"@id\":\"https:\\\/\\\/www.fingo.cz\\\/blog\\\/jak-na-pojisteni-pro-pripad-umrti-nebo-vazne-nemoci\\\/#primaryimage\",\"url\":\"https:\\\/\\\/www.fingo.cz\\\/blog\\\/wp-content\\\/uploads\\\/2022\\\/12\\\/z\u030civotni\u0301-pojis\u030cte\u030cni\u0301-pro-pr\u030ci\u0301pad-u\u0301mrti\u0301.jpg\",\"contentUrl\":\"https:\\\/\\\/www.fingo.cz\\\/blog\\\/wp-content\\\/uploads\\\/2022\\\/12\\\/z\u030civotni\u0301-pojis\u030cte\u030cni\u0301-pro-pr\u030ci\u0301pad-u\u0301mrti\u0301.jpg\",\"width\":1000,\"height\":665,\"caption\":\"\u017divotn\u00ed poji\u0161t\u011bn\u00ed pro p\u0159\u00edpad \u00famrt\u00ed\"},{\"@type\":\"BreadcrumbList\",\"@id\":\"https:\\\/\\\/www.fingo.cz\\\/blog\\\/jak-na-pojisteni-pro-pripad-umrti-nebo-vazne-nemoci\\\/#breadcrumb\",\"itemListElement\":[{\"@type\":\"ListItem\",\"position\":1,\"name\":\"Dom\u016f\",\"item\":\"https:\\\/\\\/www.fingo.cz\\\/blog\\\/\"},{\"@type\":\"ListItem\",\"position\":2,\"name\":\"Jak na poji\u0161t\u011bn\u00ed pro p\u0159\u00edpad \u00famrt\u00ed nebo v\u00e1\u017en\u00e9 nemoci\"}]},{\"@type\":\"WebSite\",\"@id\":\"https:\\\/\\\/www.fingo.cz\\\/blog\\\/#website\",\"url\":\"https:\\\/\\\/www.fingo.cz\\\/blog\\\/\",\"name\":\"Blog FinGO.cz\",\"description\":\"\",\"publisher\":{\"@id\":\"https:\\\/\\\/www.fingo.cz\\\/blog\\\/#organization\"},\"potentialAction\":[{\"@type\":\"SearchAction\",\"target\":{\"@type\":\"EntryPoint\",\"urlTemplate\":\"https:\\\/\\\/www.fingo.cz\\\/blog\\\/?s={search_term_string}\"},\"query-input\":{\"@type\":\"PropertyValueSpecification\",\"valueRequired\":true,\"valueName\":\"search_term_string\"}}],\"inLanguage\":\"cs\"},{\"@type\":\"Organization\",\"@id\":\"https:\\\/\\\/www.fingo.cz\\\/blog\\\/#organization\",\"name\":\"Fingo.cz\",\"alternateName\":\"Nez\u00e1visl\u00e9 finan\u010dn\u00ed slu\u017eby - Fingo.cz\",\"url\":\"https:\\\/\\\/www.fingo.cz\\\/blog\\\/\",\"logo\":{\"@type\":\"ImageObject\",\"inLanguage\":\"cs\",\"@id\":\"https:\\\/\\\/www.fingo.cz\\\/blog\\\/#\\\/schema\\\/logo\\\/image\\\/\",\"url\":\"https:\\\/\\\/www.fingo.cz\\\/blog\\\/wp-content\\\/uploads\\\/2023\\\/06\\\/logo.png\",\"contentUrl\":\"https:\\\/\\\/www.fingo.cz\\\/blog\\\/wp-content\\\/uploads\\\/2023\\\/06\\\/logo.png\",\"width\":300,\"height\":118,\"caption\":\"Fingo.cz\"},\"image\":{\"@id\":\"https:\\\/\\\/www.fingo.cz\\\/blog\\\/#\\\/schema\\\/logo\\\/image\\\/\"},\"sameAs\":[\"https:\\\/\\\/www.facebook.com\\\/fingo.cz\\\/\",\"https:\\\/\\\/x.com\\\/fingocz\",\"https:\\\/\\\/www.youtube.com\\\/channel\\\/UCGwO0jxau7AaMq0gKUcCh7A\",\"https:\\\/\\\/www.linkedin.com\\\/company\\\/fingo-cz\\\/\"]},{\"@type\":\"Person\",\"@id\":\"https:\\\/\\\/www.fingo.cz\\\/blog\\\/#\\\/schema\\\/person\\\/035cef351139d345354ad2b6e41a039a\",\"name\":\"Petr Mot\u00e1\u010dek\",\"image\":{\"@type\":\"ImageObject\",\"inLanguage\":\"cs\",\"@id\":\"https:\\\/\\\/secure.gravatar.com\\\/avatar\\\/0c1f7179fbfd6831e9bbb18c57c751e64fad3820532053271f23a18814470189?s=96&d=mm&r=g\",\"url\":\"https:\\\/\\\/secure.gravatar.com\\\/avatar\\\/0c1f7179fbfd6831e9bbb18c57c751e64fad3820532053271f23a18814470189?s=96&d=mm&r=g\",\"contentUrl\":\"https:\\\/\\\/secure.gravatar.com\\\/avatar\\\/0c1f7179fbfd6831e9bbb18c57c751e64fad3820532053271f23a18814470189?s=96&d=mm&r=g\",\"caption\":\"Petr Mot\u00e1\u010dek\"},\"description\":\"Po 14 letech str\u00e1ven\u00fdch v bankovn\u00edm sektoru, kde si vybudoval rozs\u00e1hl\u00e9 znalosti jako osobn\u00ed a pozd\u011bji i priv\u00e1tn\u00ed bank\u00e9\u0159, z\u00edskal cenn\u00e9 zku\u0161enosti z r\u016fzn\u00fdch oblast\u00ed finan\u010dn\u00edho trhu. Pracoval s bonitn\u00ed klientelou a zam\u011b\u0159oval se nejen na \u00fa\u010dty a \u00fav\u011bry, ale tak\u00e9 na pojistn\u00e9 produkty. D\u00edky t\u00e9to praxi se stal odborn\u00edkem na finan\u010dn\u00ed produkty, co\u017e n\u00e1sledn\u011b z\u00faro\u010dil v roli metodika a analytika ve finan\u010dn\u00edm poradenstv\u00ed, kde prohloubil sv\u00e9 v\u011bdomosti. Ve FinGO.cz p\u016fsob\u00ed jako Senior specialista pro spot\u0159ebitelsk\u00e9 \u00fav\u011bry a \u017eivotn\u00ed poji\u0161t\u011bn\u00ed. Kdy\u017e zrovna nepracuje, tr\u00e1v\u00ed voln\u00fd \u010das sportem, zejm\u00e9na fotbalem, tenisem nebo cyklistikou, kter\u00e9 jsou jeho velkou v\u00e1\u0161n\u00ed.\",\"url\":\"https:\\\/\\\/www.fingo.cz\\\/blog\\\/author\\\/petr-motacek\\\/\"}]}<\/script>\n<!-- \/ Yoast SEO Premium plugin. -->","yoast_head_json":{"title":"Poji\u0161t\u011bn\u00ed pro p\u0159\u00edpad \u00famrt\u00ed nebo v\u00e1\u017en\u00e9 nemoci - Blog FinGO.cz","description":"M\u00e1te \u017eivotn\u00ed poji\u0161t\u011bn\u00ed pro p\u0159\u00edpad \u00famrt\u00ed nebo v\u00e1\u017en\u00e9 nemoci? P\u0159e\u010dt\u011bte si, pro\u010d byste o n\u011bm m\u011bli p\u0159em\u00fd\u0161let a jak ho co nejl\u00e9pe uzav\u0159\u00edt.","robots":{"index":"index","follow":"follow","max-snippet":"max-snippet:-1","max-image-preview":"max-image-preview:large","max-video-preview":"max-video-preview:-1"},"canonical":"https:\/\/www.fingo.cz\/blog\/jak-na-pojisteni-pro-pripad-umrti-nebo-vazne-nemoci\/","og_locale":"cs_CZ","og_type":"article","og_title":"Jak na poji\u0161t\u011bn\u00ed pro p\u0159\u00edpad \u00famrt\u00ed nebo v\u00e1\u017en\u00e9 nemoci","og_description":"M\u00e1te \u017eivotn\u00ed poji\u0161t\u011bn\u00ed pro p\u0159\u00edpad \u00famrt\u00ed nebo v\u00e1\u017en\u00e9 nemoci? P\u0159e\u010dt\u011bte si, pro\u010d byste o n\u011bm m\u011bli p\u0159em\u00fd\u0161let a jak ho co nejl\u00e9pe uzav\u0159\u00edt.","og_url":"https:\/\/www.fingo.cz\/blog\/jak-na-pojisteni-pro-pripad-umrti-nebo-vazne-nemoci\/","og_site_name":"Blog FinGO.cz","article_publisher":"https:\/\/www.facebook.com\/fingo.cz\/","article_published_time":"2022-12-15T10:17:57+00:00","article_modified_time":"2022-12-15T10:24:18+00:00","og_image":[{"width":1000,"height":665,"url":"https:\/\/www.fingo.cz\/blog\/wp-content\/uploads\/2022\/12\/z\u030civotni\u0301-pojis\u030cte\u030cni\u0301-pro-pr\u030ci\u0301pad-u\u0301mrti\u0301.jpg","type":"image\/jpeg"}],"author":"Petr Mot\u00e1\u010dek","twitter_card":"summary_large_image","twitter_creator":"@fingocz","twitter_site":"@fingocz","twitter_misc":{"Napsal(a)":"Petr Mot\u00e1\u010dek","Odhadovan\u00e1 doba \u010dten\u00ed":"5 minut"},"schema":{"@context":"https:\/\/schema.org","@graph":[{"@type":"Article","@id":"https:\/\/www.fingo.cz\/blog\/jak-na-pojisteni-pro-pripad-umrti-nebo-vazne-nemoci\/#article","isPartOf":{"@id":"https:\/\/www.fingo.cz\/blog\/jak-na-pojisteni-pro-pripad-umrti-nebo-vazne-nemoci\/"},"author":{"name":"Petr Mot\u00e1\u010dek","@id":"https:\/\/www.fingo.cz\/blog\/#\/schema\/person\/035cef351139d345354ad2b6e41a039a"},"headline":"Jak na poji\u0161t\u011bn\u00ed pro p\u0159\u00edpad \u00famrt\u00ed nebo v\u00e1\u017en\u00e9 nemoci","datePublished":"2022-12-15T10:17:57+00:00","dateModified":"2022-12-15T10:24:18+00:00","mainEntityOfPage":{"@id":"https:\/\/www.fingo.cz\/blog\/jak-na-pojisteni-pro-pripad-umrti-nebo-vazne-nemoci\/"},"wordCount":1138,"publisher":{"@id":"https:\/\/www.fingo.cz\/blog\/#organization"},"image":{"@id":"https:\/\/www.fingo.cz\/blog\/jak-na-pojisteni-pro-pripad-umrti-nebo-vazne-nemoci\/#primaryimage"},"thumbnailUrl":"https:\/\/www.fingo.cz\/blog\/wp-content\/uploads\/2022\/12\/z\u030civotni\u0301-pojis\u030cte\u030cni\u0301-pro-pr\u030ci\u0301pad-u\u0301mrti\u0301.jpg","keywords":["Petr Mot\u00e1\u010dek","poji\u0161t\u011bn\u00ed","\u017eivotn\u00ed poji\u0161t\u011bn\u00ed"],"articleSection":["\u017divotn\u00ed poji\u0161t\u011bn\u00ed"],"inLanguage":"cs"},{"@type":"WebPage","@id":"https:\/\/www.fingo.cz\/blog\/jak-na-pojisteni-pro-pripad-umrti-nebo-vazne-nemoci\/","url":"https:\/\/www.fingo.cz\/blog\/jak-na-pojisteni-pro-pripad-umrti-nebo-vazne-nemoci\/","name":"Poji\u0161t\u011bn\u00ed pro p\u0159\u00edpad \u00famrt\u00ed nebo v\u00e1\u017en\u00e9 nemoci - Blog FinGO.cz","isPartOf":{"@id":"https:\/\/www.fingo.cz\/blog\/#website"},"primaryImageOfPage":{"@id":"https:\/\/www.fingo.cz\/blog\/jak-na-pojisteni-pro-pripad-umrti-nebo-vazne-nemoci\/#primaryimage"},"image":{"@id":"https:\/\/www.fingo.cz\/blog\/jak-na-pojisteni-pro-pripad-umrti-nebo-vazne-nemoci\/#primaryimage"},"thumbnailUrl":"https:\/\/www.fingo.cz\/blog\/wp-content\/uploads\/2022\/12\/z\u030civotni\u0301-pojis\u030cte\u030cni\u0301-pro-pr\u030ci\u0301pad-u\u0301mrti\u0301.jpg","datePublished":"2022-12-15T10:17:57+00:00","dateModified":"2022-12-15T10:24:18+00:00","description":"M\u00e1te \u017eivotn\u00ed poji\u0161t\u011bn\u00ed pro p\u0159\u00edpad \u00famrt\u00ed nebo v\u00e1\u017en\u00e9 nemoci? P\u0159e\u010dt\u011bte si, pro\u010d byste o n\u011bm m\u011bli p\u0159em\u00fd\u0161let a jak ho co nejl\u00e9pe uzav\u0159\u00edt.","breadcrumb":{"@id":"https:\/\/www.fingo.cz\/blog\/jak-na-pojisteni-pro-pripad-umrti-nebo-vazne-nemoci\/#breadcrumb"},"inLanguage":"cs","potentialAction":[{"@type":"ReadAction","target":["https:\/\/www.fingo.cz\/blog\/jak-na-pojisteni-pro-pripad-umrti-nebo-vazne-nemoci\/"]}]},{"@type":"ImageObject","inLanguage":"cs","@id":"https:\/\/www.fingo.cz\/blog\/jak-na-pojisteni-pro-pripad-umrti-nebo-vazne-nemoci\/#primaryimage","url":"https:\/\/www.fingo.cz\/blog\/wp-content\/uploads\/2022\/12\/z\u030civotni\u0301-pojis\u030cte\u030cni\u0301-pro-pr\u030ci\u0301pad-u\u0301mrti\u0301.jpg","contentUrl":"https:\/\/www.fingo.cz\/blog\/wp-content\/uploads\/2022\/12\/z\u030civotni\u0301-pojis\u030cte\u030cni\u0301-pro-pr\u030ci\u0301pad-u\u0301mrti\u0301.jpg","width":1000,"height":665,"caption":"\u017divotn\u00ed poji\u0161t\u011bn\u00ed pro p\u0159\u00edpad \u00famrt\u00ed"},{"@type":"BreadcrumbList","@id":"https:\/\/www.fingo.cz\/blog\/jak-na-pojisteni-pro-pripad-umrti-nebo-vazne-nemoci\/#breadcrumb","itemListElement":[{"@type":"ListItem","position":1,"name":"Dom\u016f","item":"https:\/\/www.fingo.cz\/blog\/"},{"@type":"ListItem","position":2,"name":"Jak na poji\u0161t\u011bn\u00ed pro p\u0159\u00edpad \u00famrt\u00ed nebo v\u00e1\u017en\u00e9 nemoci"}]},{"@type":"WebSite","@id":"https:\/\/www.fingo.cz\/blog\/#website","url":"https:\/\/www.fingo.cz\/blog\/","name":"Blog FinGO.cz","description":"","publisher":{"@id":"https:\/\/www.fingo.cz\/blog\/#organization"},"potentialAction":[{"@type":"SearchAction","target":{"@type":"EntryPoint","urlTemplate":"https:\/\/www.fingo.cz\/blog\/?s={search_term_string}"},"query-input":{"@type":"PropertyValueSpecification","valueRequired":true,"valueName":"search_term_string"}}],"inLanguage":"cs"},{"@type":"Organization","@id":"https:\/\/www.fingo.cz\/blog\/#organization","name":"Fingo.cz","alternateName":"Nez\u00e1visl\u00e9 finan\u010dn\u00ed slu\u017eby - Fingo.cz","url":"https:\/\/www.fingo.cz\/blog\/","logo":{"@type":"ImageObject","inLanguage":"cs","@id":"https:\/\/www.fingo.cz\/blog\/#\/schema\/logo\/image\/","url":"https:\/\/www.fingo.cz\/blog\/wp-content\/uploads\/2023\/06\/logo.png","contentUrl":"https:\/\/www.fingo.cz\/blog\/wp-content\/uploads\/2023\/06\/logo.png","width":300,"height":118,"caption":"Fingo.cz"},"image":{"@id":"https:\/\/www.fingo.cz\/blog\/#\/schema\/logo\/image\/"},"sameAs":["https:\/\/www.facebook.com\/fingo.cz\/","https:\/\/x.com\/fingocz","https:\/\/www.youtube.com\/channel\/UCGwO0jxau7AaMq0gKUcCh7A","https:\/\/www.linkedin.com\/company\/fingo-cz\/"]},{"@type":"Person","@id":"https:\/\/www.fingo.cz\/blog\/#\/schema\/person\/035cef351139d345354ad2b6e41a039a","name":"Petr Mot\u00e1\u010dek","image":{"@type":"ImageObject","inLanguage":"cs","@id":"https:\/\/secure.gravatar.com\/avatar\/0c1f7179fbfd6831e9bbb18c57c751e64fad3820532053271f23a18814470189?s=96&d=mm&r=g","url":"https:\/\/secure.gravatar.com\/avatar\/0c1f7179fbfd6831e9bbb18c57c751e64fad3820532053271f23a18814470189?s=96&d=mm&r=g","contentUrl":"https:\/\/secure.gravatar.com\/avatar\/0c1f7179fbfd6831e9bbb18c57c751e64fad3820532053271f23a18814470189?s=96&d=mm&r=g","caption":"Petr Mot\u00e1\u010dek"},"description":"Po 14 letech str\u00e1ven\u00fdch v bankovn\u00edm sektoru, kde si vybudoval rozs\u00e1hl\u00e9 znalosti jako osobn\u00ed a pozd\u011bji i priv\u00e1tn\u00ed bank\u00e9\u0159, z\u00edskal cenn\u00e9 zku\u0161enosti z r\u016fzn\u00fdch oblast\u00ed finan\u010dn\u00edho trhu. Pracoval s bonitn\u00ed klientelou a zam\u011b\u0159oval se nejen na \u00fa\u010dty a \u00fav\u011bry, ale tak\u00e9 na pojistn\u00e9 produkty. D\u00edky t\u00e9to praxi se stal odborn\u00edkem na finan\u010dn\u00ed produkty, co\u017e n\u00e1sledn\u011b z\u00faro\u010dil v roli metodika a analytika ve finan\u010dn\u00edm poradenstv\u00ed, kde prohloubil sv\u00e9 v\u011bdomosti. Ve FinGO.cz p\u016fsob\u00ed jako Senior specialista pro spot\u0159ebitelsk\u00e9 \u00fav\u011bry a \u017eivotn\u00ed poji\u0161t\u011bn\u00ed. Kdy\u017e zrovna nepracuje, tr\u00e1v\u00ed voln\u00fd \u010das sportem, zejm\u00e9na fotbalem, tenisem nebo cyklistikou, kter\u00e9 jsou jeho velkou v\u00e1\u0161n\u00ed.","url":"https:\/\/www.fingo.cz\/blog\/author\/petr-motacek\/"}]}},"_links":{"self":[{"href":"https:\/\/www.fingo.cz\/blog\/wp-json\/wp\/v2\/posts\/1091","targetHints":{"allow":["GET"]}}],"collection":[{"href":"https:\/\/www.fingo.cz\/blog\/wp-json\/wp\/v2\/posts"}],"about":[{"href":"https:\/\/www.fingo.cz\/blog\/wp-json\/wp\/v2\/types\/post"}],"author":[{"embeddable":true,"href":"https:\/\/www.fingo.cz\/blog\/wp-json\/wp\/v2\/users\/7"}],"replies":[{"embeddable":true,"href":"https:\/\/www.fingo.cz\/blog\/wp-json\/wp\/v2\/comments?post=1091"}],"version-history":[{"count":9,"href":"https:\/\/www.fingo.cz\/blog\/wp-json\/wp\/v2\/posts\/1091\/revisions"}],"predecessor-version":[{"id":1111,"href":"https:\/\/www.fingo.cz\/blog\/wp-json\/wp\/v2\/posts\/1091\/revisions\/1111"}],"wp:featuredmedia":[{"embeddable":true,"href":"https:\/\/www.fingo.cz\/blog\/wp-json\/wp\/v2\/media\/1094"}],"wp:attachment":[{"href":"https:\/\/www.fingo.cz\/blog\/wp-json\/wp\/v2\/media?parent=1091"}],"wp:term":[{"taxonomy":"category","embeddable":true,"href":"https:\/\/www.fingo.cz\/blog\/wp-json\/wp\/v2\/categories?post=1091"},{"taxonomy":"post_tag","embeddable":true,"href":"https:\/\/www.fingo.cz\/blog\/wp-json\/wp\/v2\/tags?post=1091"}],"curies":[{"name":"wp","href":"https:\/\/api.w.org\/{rel}","templated":true}]}}